{"id":122,"date":"2017-12-31T08:00:38","date_gmt":"2017-12-31T07:00:38","guid":{"rendered":"http:\/\/www.praxis-kerbel.de\/?p=122"},"modified":"2018-02-19T23:26:26","modified_gmt":"2018-02-19T22:26:26","slug":"verabschiedung-christoph-waniek","status":"publish","type":"post","link":"http:\/\/www.praxis-kerbel.de\/index.php\/2017\/12\/31\/verabschiedung-christoph-waniek\/","title":{"rendered":"Verabschiedung Christoph Waniek"},"content":{"rendered":"<div><img fetchpriority=\"high\" decoding=\"async\" class=\"size-medium wp-image-89 alignleft\" src=\"http:\/\/zahnarztpraxis-elsen.de\/wp-content\/uploads\/2014\/08\/IMG_7536-225x300.jpg\" alt=\"\" width=\"225\" height=\"300\" \/><\/div>\n<div style=\"text-align: center;\">Nach \u00fcber 35 Jahren beende ich<\/div>\n<h3 style=\"text-align: center;\">Christoph Waniek<\/h3>\n<div style=\"text-align: center;\">meine T\u00e4tigkeit als Zahnarzt. F\u00fcr das entgegengebrachte Vertrauen bedanke ich mich recht herzlich bei meinen Patienten.<\/div>\n<div style=\"text-align: center;\">Ab dem 2.1.2018 \u00fcbernimmt Frau<\/div>\n<h3 style=\"text-align: center;\">Tatjana Kerbel<\/h3>\n<div style=\"text-align: center;\">meinen Teil der Praxis.<\/div>\n<div style=\"text-align: center;\">Ich w\u00fcnsche Ihr viel Erfolg und alles Gute f\u00fcr die Zukunft.<\/div>\n","protected":false},"excerpt":{"rendered":"<p>Nach \u00fcber 35 Jahren beende ich Christoph Waniek meine T\u00e4tigkeit als Zahnarzt. F\u00fcr das entgegengebrachte Vertrauen bedanke ich mich recht herzlich bei [&hellip;]<\/p>\n","protected":false},"author":2,"featured_media":0,"comment_status":"closed","ping_status":"open","sticky":false,"template":"","format":"standard","meta":{"footnotes":""},"categories":[1],"tags":[],"class_list":["post-122","post","type-post","status-publish","format-standard","hentry","category-allgemein"],"_links":{"self":[{"href":"http:\/\/www.praxis-kerbel.de\/index.php\/wp-json\/wp\/v2\/posts\/122","targetHints":{"allow":["GET"]}}],"collection":[{"href":"http:\/\/www.praxis-kerbel.de\/index.php\/wp-json\/wp\/v2\/posts"}],"about":[{"href":"http:\/\/www.praxis-kerbel.de\/index.php\/wp-json\/wp\/v2\/types\/post"}],"author":[{"embeddable":true,"href":"http:\/\/www.praxis-kerbel.de\/index.php\/wp-json\/wp\/v2\/users\/2"}],"replies":[{"embeddable":true,"href":"http:\/\/www.praxis-kerbel.de\/index.php\/wp-json\/wp\/v2\/comments?post=122"}],"version-history":[{"count":2,"href":"http:\/\/www.praxis-kerbel.de\/index.php\/wp-json\/wp\/v2\/posts\/122\/revisions"}],"predecessor-version":[{"id":124,"href":"http:\/\/www.praxis-kerbel.de\/index.php\/wp-json\/wp\/v2\/posts\/122\/revisions\/124"}],"wp:attachment":[{"href":"http:\/\/www.praxis-kerbel.de\/index.php\/wp-json\/wp\/v2\/media?parent=122"}],"wp:term":[{"taxonomy":"category","embeddable":true,"href":"http:\/\/www.praxis-kerbel.de\/index.php\/wp-json\/wp\/v2\/categories?post=122"},{"taxonomy":"post_tag","embeddable":true,"href":"http:\/\/www.praxis-kerbel.de\/index.php\/wp-json\/wp\/v2\/tags?post=122"}],"curies":[{"name":"wp","href":"https:\/\/api.w.org\/{rel}","templated":true}]}}