{"id":125,"date":"2018-01-02T08:00:14","date_gmt":"2018-01-02T07:00:14","guid":{"rendered":"http:\/\/www.praxis-kerbel.de\/?p=125"},"modified":"2018-03-05T23:50:09","modified_gmt":"2018-03-05T22:50:09","slug":"begruessung-tatjana-kerbel","status":"publish","type":"post","link":"http:\/\/www.praxis-kerbel.de\/index.php\/2018\/01\/02\/begruessung-tatjana-kerbel\/","title":{"rendered":"Begr\u00fc\u00dfung Tatjana Kerbel"},"content":{"rendered":"<div><img fetchpriority=\"high\" decoding=\"async\" class=\"size-medium wp-image-308 alignleft\" src=\"http:\/\/zahnarztpraxis-elsen.de\/wp-content\/uploads\/2018\/01\/Tatjana_Kerbel-224x300.jpg\" alt=\"\" width=\"224\" height=\"300\" \/><\/div>\n<h3><\/h3>\n<div>Sehr geehrte Patienten,<\/div>\n<h3><\/h3>\n<div>ich habe zum 01.01.2018 die Praxis von Christoph Waniek \u00fcbernommen und m\u00f6chte mich hiermit kurz vorstellen:<\/div>\n<h3><\/h3>\n<div>Ich arbeite als Zahn\u00e4rztin seit 1999 und habe insgesamt \u00fcber 17 Jahre Berufserfahrung. Ich verstehe meine Arbeit als gro\u00dfe Verantwortung. Die Qualit\u00e4t und die Pr\u00e4zision stehen bei mir an erster Stelle. Ihr Anliegen stelle ich bei der Behandlung immer in den Mittelpunkt. Ich w\u00fcrde mich \u00fcber Ihr Vertrauen sehr freuen und hoffe Sie weiter betreuen zu d\u00fcrfen.<\/div>\n<h3><\/h3>\n<div>Tatjana Kerbel<\/div>\n","protected":false},"excerpt":{"rendered":"<p>Sehr geehrte Patienten, ich habe zum 01.01.2018 die Praxis von Christoph Waniek \u00fcbernommen und m\u00f6chte mich hiermit kurz vorstellen: Ich arbeite als [&hellip;]<\/p>\n","protected":false},"author":2,"featured_media":0,"comment_status":"closed","ping_status":"open","sticky":false,"template":"","format":"standard","meta":{"footnotes":""},"categories":[1],"tags":[],"class_list":["post-125","post","type-post","status-publish","format-standard","hentry","category-allgemein"],"_links":{"self":[{"href":"http:\/\/www.praxis-kerbel.de\/index.php\/wp-json\/wp\/v2\/posts\/125","targetHints":{"allow":["GET"]}}],"collection":[{"href":"http:\/\/www.praxis-kerbel.de\/index.php\/wp-json\/wp\/v2\/posts"}],"about":[{"href":"http:\/\/www.praxis-kerbel.de\/index.php\/wp-json\/wp\/v2\/types\/post"}],"author":[{"embeddable":true,"href":"http:\/\/www.praxis-kerbel.de\/index.php\/wp-json\/wp\/v2\/users\/2"}],"replies":[{"embeddable":true,"href":"http:\/\/www.praxis-kerbel.de\/index.php\/wp-json\/wp\/v2\/comments?post=125"}],"version-history":[{"count":3,"href":"http:\/\/www.praxis-kerbel.de\/index.php\/wp-json\/wp\/v2\/posts\/125\/revisions"}],"predecessor-version":[{"id":138,"href":"http:\/\/www.praxis-kerbel.de\/index.php\/wp-json\/wp\/v2\/posts\/125\/revisions\/138"}],"wp:attachment":[{"href":"http:\/\/www.praxis-kerbel.de\/index.php\/wp-json\/wp\/v2\/media?parent=125"}],"wp:term":[{"taxonomy":"category","embeddable":true,"href":"http:\/\/www.praxis-kerbel.de\/index.php\/wp-json\/wp\/v2\/categories?post=125"},{"taxonomy":"post_tag","embeddable":true,"href":"http:\/\/www.praxis-kerbel.de\/index.php\/wp-json\/wp\/v2\/tags?post=125"}],"curies":[{"name":"wp","href":"https:\/\/api.w.org\/{rel}","templated":true}]}}